{"id":218,"date":"2025-03-06T23:59:27","date_gmt":"2025-03-06T22:59:27","guid":{"rendered":"https:\/\/savrp.de\/weazelnews\/?p=218"},"modified":"2025-03-06T23:59:27","modified_gmt":"2025-03-06T22:59:27","slug":"gouverneur-startet-offiziellen-social-media-verkuendungskanal","status":"publish","type":"post","link":"https:\/\/savrp.de\/weazelnews\/2025\/03\/06\/gouverneur-startet-offiziellen-social-media-verkuendungskanal\/","title":{"rendered":"Gouverneur startet offiziellen Social-Media-Verk\u00fcndungskanal"},"content":{"rendered":"\n<p><strong>Los Santos &#8211; Der Gouverneur erweitert seine Kommunikationswege und startet einen offiziellen Social-Media-Verk\u00fcndungskanal. <\/strong><\/p>\n\n\n\n<p>Nutzerinnen und Nutzer k\u00f6nnen sich ab sofort direkt \u00fcber soziale Netzwerke \u00fcber Neuigkeiten, Ank\u00fcndigungen und Entwicklungen rund um Gouverneur informieren.<\/p>\n\n\n\n<p>Mit diesem Schritt m\u00f6chte Gouverneur eine direktere und transparentere Kommunikation mit der \u00d6ffentlichkeit f\u00f6rdern. <\/p>\n\n\n\n<p>&#8222;Unser Ziel ist es, wichtige Informationen schneller und gezielter zu verbreiten&#8220;, erkl\u00e4rte er pers\u00f6nlich gegen\u00fcber Weazel News. <\/p>\n\n\n\n<p>Die Entscheidung f\u00fcr einen Social-Media-Verk\u00fcndungskanal kommt angesichts der wachsenden Bedeutung digitaler Kommunikation nicht \u00fcberraschend. Immer mehr Organisationen nutzen soziale Netzwerke, um ihre Reichweite zu vergr\u00f6\u00dfern und mit ihrer Community in den Dialog zu treten.<\/p>\n\n\n\n<p>Interessierte k\u00f6nnen den neuen Kanal ab sofort abonnieren, um keine Neuigkeiten mehr zu verpassen. Gouverneur plant, die Inhalte regelm\u00e4\u00dfig zu aktualisieren und die Nutzer aktiv in den Austausch einzubeziehen.<\/p>\n\n\n\n<p><strong>Bleiben Sie dran &#8211; wir informieren Sie weiterhin!<\/strong><\/p>\n","protected":false},"excerpt":{"rendered":"<p>Los Santos &#8211; Der Gouverneur erweitert seine Kommunikationswege und startet einen offiziellen Social-Media-Verk\u00fcndungskanal. Nutzerinnen und Nutzer k\u00f6nnen sich ab sofort direkt \u00fcber soziale Netzwerke \u00fcber Neuigkeiten, Ank\u00fcndigungen und Entwicklungen rund um Gouverneur informieren. Mit diesem Schritt m\u00f6chte Gouverneur eine direktere und transparentere Kommunikation mit der \u00d6ffentlichkeit f\u00f6rdern. &#8222;Unser Ziel ist es, wichtige Informationen schneller und [&hellip;]<\/p>\n","protected":false},"author":2,"featured_media":217,"comment_status":"closed","ping_status":"","sticky":false,"template":"","format":"standard","meta":{"footnotes":""},"categories":[1],"tags":[41],"class_list":["post-218","post","type-post","status-publish","format-standard","has-post-thumbnail","hentry","category-allgemein","tag-gouverneur"],"_links":{"self":[{"href":"https:\/\/savrp.de\/weazelnews\/wp-json\/wp\/v2\/posts\/218","targetHints":{"allow":["GET"]}}],"collection":[{"href":"https:\/\/savrp.de\/weazelnews\/wp-json\/wp\/v2\/posts"}],"about":[{"href":"https:\/\/savrp.de\/weazelnews\/wp-json\/wp\/v2\/types\/post"}],"author":[{"embeddable":true,"href":"https:\/\/savrp.de\/weazelnews\/wp-json\/wp\/v2\/users\/2"}],"replies":[{"embeddable":true,"href":"https:\/\/savrp.de\/weazelnews\/wp-json\/wp\/v2\/comments?post=218"}],"version-history":[{"count":1,"href":"https:\/\/savrp.de\/weazelnews\/wp-json\/wp\/v2\/posts\/218\/revisions"}],"predecessor-version":[{"id":219,"href":"https:\/\/savrp.de\/weazelnews\/wp-json\/wp\/v2\/posts\/218\/revisions\/219"}],"wp:featuredmedia":[{"embeddable":true,"href":"https:\/\/savrp.de\/weazelnews\/wp-json\/wp\/v2\/media\/217"}],"wp:attachment":[{"href":"https:\/\/savrp.de\/weazelnews\/wp-json\/wp\/v2\/media?parent=218"}],"wp:term":[{"taxonomy":"category","embeddable":true,"href":"https:\/\/savrp.de\/weazelnews\/wp-json\/wp\/v2\/categories?post=218"},{"taxonomy":"post_tag","embeddable":true,"href":"https:\/\/savrp.de\/weazelnews\/wp-json\/wp\/v2\/tags?post=218"}],"curies":[{"name":"wp","href":"https:\/\/api.w.org\/{rel}","templated":true}]}}